{"id":2280,"date":"2026-04-28T08:13:50","date_gmt":"2026-04-28T05:13:50","guid":{"rendered":"https:\/\/cpbmd.info\/?p=2280"},"modified":"2026-04-30T08:17:38","modified_gmt":"2026-04-30T05:17:38","slug":"ziua-invatamantului-dual-la-balti","status":"publish","type":"post","link":"https:\/\/cpbmd.info\/?p=2280","title":{"rendered":"ZIUA \u00ceNV\u0102\u021a\u0102M\u00c2NTULUI DUAL LA B\u0102L\u021aI"},"content":{"rendered":"\n<p>Ministerul Educa\u021biei \u0219i Cercet\u0103rii al Republicii Moldova a organizat, la data de 25 aprilie 2026, \u00een cadrul Institu\u021biei Publice Colegiul Politehnic din B\u0103l\u021bi, Ziua \u00cenv\u0103\u021b\u0103m\u00e2ntului Dual, eveniment inclus \u00een campania de promovare a acestui model de \u00eenv\u0103\u021b\u0103m\u00e2nt profesional tehnic.<\/p>\n\n\n\n<p>Evenimentul a fost organizat cu sprijinul proiectului \u201e\u00centreprinderi \u0219i Comune Puternice pentru Moldova\u201d, finan\u021bat de Ministerul Federal German pentru Cooperare Economic\u0103 \u0219i Dezvoltare, de Guvernul Elve\u021biei \u0219i implementat de GIZ Moldova.<\/p>\n\n\n\n<p>Activitatea a reunit peste 500 de elevi absolven\u021bi ai claselor gimnaziale \u0219i liceale din B\u0103l\u021bi \u0219i raioanele de nord ale \u021b\u0103rii (S\u00eengerei, Flore\u0219ti, F\u0103le\u0219ti, Glodeni, Drochia, R\u00ee\u0219cani, Edine\u021b) \u0219i a facilitat interac\u021biunea direct\u0103 cu institu\u021biile de \u00eenv\u0103\u021b\u0103m\u00e2nt profesional tehnic \u0219i mediul de afaceri.<\/p>\n\n\n\n<p>La eveniment au participat institu\u021bii de \u00eenv\u0103\u021b\u0103m\u00e2nt profesional tehnic din nordul \u021b\u0103rii, care implementeaz\u0103 programe de \u00eenv\u0103\u021b\u0103m\u00e2nt dual, al\u0103turi de companiile partenere implicate \u00een formarea practic\u0103 a elevilor.<\/p>\n\n\n\n<p>\u00cen cadrul evenimentului au fost incluse :<\/p>\n\n\n\n<p><img decoding=\"async\" height=\"16\" width=\"16\" alt=\"\u2714\ufe0f\" src=\"https:\/\/static.xx.fbcdn.net\/images\/emoji.php\/v9\/t51\/1\/16\/2714.png\"> t\u00e2rg-uri expozi\u021bionale interactive a \u0219colilor profesionale, colegii \u0219i agen\u021bi economici din regiune;<\/p>\n\n\n\n<p><img decoding=\"async\" height=\"16\" width=\"16\" alt=\"\u2714\ufe0f\" src=\"https:\/\/static.xx.fbcdn.net\/images\/emoji.php\/v9\/t51\/1\/16\/2714.png\"> ateliere practice, demonstra\u021bii live \u0219i simul\u0103ri de activit\u0103\u021bi profesionale;<\/p>\n\n\n\n<p><img decoding=\"async\" height=\"16\" width=\"16\" alt=\"\u2714\ufe0f\" src=\"https:\/\/static.xx.fbcdn.net\/images\/emoji.php\/v9\/t51\/1\/16\/2714.png\"> discu\u021bii cu elevi, profesori, mentori \u0219i angajatori;<\/p>\n\n\n\n<p><img decoding=\"async\" height=\"16\" width=\"16\" alt=\"\u2714\ufe0f\" src=\"https:\/\/static.xx.fbcdn.net\/images\/emoji.php\/v9\/t51\/1\/16\/2714.png\"> vizite ghidate la institu\u021biile de \u00eenv\u0103\u021b\u0103m\u00e2nt profesional tehnic din B\u0103l\u021bi;<\/p>\n\n\n\n<p><img decoding=\"async\" height=\"16\" width=\"16\" alt=\"\u2714\ufe0f\" src=\"https:\/\/static.xx.fbcdn.net\/images\/emoji.php\/v9\/t51\/1\/16\/2714.png\"> mesaje ale absolven\u021bilor \u00eenv\u0103\u021b\u0103m\u00e2ntului dual.<\/p>\n\n\n\n<p>Prezent\u0103 la eveniment, Liudmila Stihi, secretar de stat la MEC, a subliniat importan\u021ba dezvolt\u0103rii \u00eenv\u0103\u021b\u0103m\u00e2ntului dual pentru cre\u0219terea \u0219anselor de angajare ale tinerilor \u0219i pentru adaptarea competen\u021belor acestora la cerin\u021bele pie\u021bei muncii.<\/p>\n\n\n\n<p>\u201ePrin astfel de evenimente, ne propunem s\u0103 oferim tinerilor o imagine clar\u0103 asupra programelor de formare profesional\u0103, ofertelor educa\u021bionale \u0219i companiilor partenere implicate \u00een preg\u0103tirea practic\u0103. \u00cenv\u0103\u021b\u0103m\u00e2ntul dual reprezint\u0103 o oportunitate real\u0103 de a \u00eenv\u0103\u021ba o meserie, de a acumula experien\u021b\u0103 \u0219i de a facilita integrarea pe pia\u021ba muncii\u201d, a declarat Liudmila Stih.<\/p>\n\n\n\n<p>Ziua \u00cenv\u0103\u021b\u0103m\u00e2ntului Dual organizat\u0103 de Ministerul Educa\u021biei \u0219i Cercet\u0103rii al Republicii Moldova a reprezentat un eveniment de amploare, menit s\u0103 apropie elevii de oportunit\u0103\u021bile oferite de \u00eenv\u0103\u021b\u0103m\u00e2ntul profesional tehnic.<\/p>\n\n\n\n<p>Activitatea a eviden\u021biat beneficiile concrete ale \u00eenv\u0103\u021b\u0103m\u00e2ntului dual, iar interac\u021biunea direct\u0103 dintre elevi \u0219i mediul profesional a contribuit la o mai bun\u0103 informare \u0219i orientare \u00een carier\u0103, consolid\u00e2nd ideea c\u0103 acest model educa\u021bional reprezint\u0103 o solu\u021bie eficient\u0103 pentru integrarea tinerilor pe pia\u021ba muncii \u0219i pentru dezvoltarea economic\u0103 durabil\u0103.<\/p>\n\n\n\n<figure class=\"wp-block-gallery has-nested-images columns-default is-cropped wp-block-gallery-1 is-layout-flex wp-block-gallery-is-layout-flex\">\n<figure class=\"wp-block-image size-large\"><img decoding=\"async\" width=\"1024\" height=\"615\" data-id=\"2281\" src=\"https:\/\/cpbmd.info\/wp-content\/uploads\/2026\/04\/680091218_1581748003956958_8303416903910703091_n-1024x615.jpg\" alt=\"\" class=\"wp-image-2281\" srcset=\"https:\/\/cpbmd.info\/wp-content\/uploads\/2026\/04\/680091218_1581748003956958_8303416903910703091_n-1024x615.jpg 1024w, https:\/\/cpbmd.info\/wp-content\/uploads\/2026\/04\/680091218_1581748003956958_8303416903910703091_n-300x180.jpg 300w, https:\/\/cpbmd.info\/wp-content\/uploads\/2026\/04\/680091218_1581748003956958_8303416903910703091_n-768x461.jpg 768w, https:\/\/cpbmd.info\/wp-content\/uploads\/2026\/04\/680091218_1581748003956958_8303416903910703091_n-1536x922.jpg 1536w, https:\/\/cpbmd.info\/wp-content\/uploads\/2026\/04\/680091218_1581748003956958_8303416903910703091_n.jpg 2048w\" sizes=\"(max-width: 1024px) 100vw, 1024px\" \/><\/figure>\n<\/figure>\n","protected":false},"excerpt":{"rendered":"<p>Ministerul Educa\u021biei \u0219i Cercet\u0103rii al Republicii Moldova a organizat, la data de 25 aprilie 2026, \u00een cadrul Institu\u021biei Publice Colegiul Politehnic din B\u0103l\u021bi, Ziua \u00cenv\u0103\u021b\u0103m\u00e2ntului Dual, eveniment inclus \u00een campania de promovare a acestui model de \u00eenv\u0103\u021b\u0103m\u00e2nt profesional tehnic. Evenimentul a fost organizat cu sprijinul proiectului \u201e\u00centreprinderi \u0219i Comune Puternice pentru Moldova\u201d, finan\u021bat de Ministerul [&hellip;]<\/p>\n","protected":false},"author":1,"featured_media":2281,"comment_status":"closed","ping_status":"closed","sticky":false,"template":"","format":"standard","meta":{"_uag_custom_page_level_css":"","footnotes":""},"categories":[6],"tags":[],"class_list":["post-2280","post","type-post","status-publish","format-standard","has-post-thumbnail","hentry","category-noutati"],"uagb_featured_image_src":{"full":["https:\/\/cpbmd.info\/wp-content\/uploads\/2026\/04\/680091218_1581748003956958_8303416903910703091_n.jpg",2048,1229,false],"thumbnail":["https:\/\/cpbmd.info\/wp-content\/uploads\/2026\/04\/680091218_1581748003956958_8303416903910703091_n-150x150.jpg",150,150,true],"medium":["https:\/\/cpbmd.info\/wp-content\/uploads\/2026\/04\/680091218_1581748003956958_8303416903910703091_n-300x180.jpg",300,180,true],"medium_large":["https:\/\/cpbmd.info\/wp-content\/uploads\/2026\/04\/680091218_1581748003956958_8303416903910703091_n-768x461.jpg",768,461,true],"large":["https:\/\/cpbmd.info\/wp-content\/uploads\/2026\/04\/680091218_1581748003956958_8303416903910703091_n-1024x615.jpg",1024,615,true],"1536x1536":["https:\/\/cpbmd.info\/wp-content\/uploads\/2026\/04\/680091218_1581748003956958_8303416903910703091_n-1536x922.jpg",1536,922,true],"2048x2048":["https:\/\/cpbmd.info\/wp-content\/uploads\/2026\/04\/680091218_1581748003956958_8303416903910703091_n.jpg",2048,1229,false]},"uagb_author_info":{"display_name":"admin","author_link":"https:\/\/cpbmd.info\/?author=1"},"uagb_comment_info":0,"uagb_excerpt":"Ministerul Educa\u021biei \u0219i Cercet\u0103rii al Republicii Moldova a organizat, la data de 25 aprilie 2026, \u00een cadrul Institu\u021biei Publice Colegiul Politehnic din B\u0103l\u021bi, Ziua \u00cenv\u0103\u021b\u0103m\u00e2ntului Dual, eveniment inclus \u00een campania de promovare a acestui model de \u00eenv\u0103\u021b\u0103m\u00e2nt profesional tehnic. Evenimentul a fost organizat cu sprijinul proiectului \u201e\u00centreprinderi \u0219i Comune Puternice pentru Moldova\u201d, finan\u021bat de Ministerul&hellip;","_links":{"self":[{"href":"https:\/\/cpbmd.info\/index.php?rest_route=\/wp\/v2\/posts\/2280","targetHints":{"allow":["GET"]}}],"collection":[{"href":"https:\/\/cpbmd.info\/index.php?rest_route=\/wp\/v2\/posts"}],"about":[{"href":"https:\/\/cpbmd.info\/index.php?rest_route=\/wp\/v2\/types\/post"}],"author":[{"embeddable":true,"href":"https:\/\/cpbmd.info\/index.php?rest_route=\/wp\/v2\/users\/1"}],"replies":[{"embeddable":true,"href":"https:\/\/cpbmd.info\/index.php?rest_route=%2Fwp%2Fv2%2Fcomments&post=2280"}],"version-history":[{"count":1,"href":"https:\/\/cpbmd.info\/index.php?rest_route=\/wp\/v2\/posts\/2280\/revisions"}],"predecessor-version":[{"id":2282,"href":"https:\/\/cpbmd.info\/index.php?rest_route=\/wp\/v2\/posts\/2280\/revisions\/2282"}],"wp:featuredmedia":[{"embeddable":true,"href":"https:\/\/cpbmd.info\/index.php?rest_route=\/wp\/v2\/media\/2281"}],"wp:attachment":[{"href":"https:\/\/cpbmd.info\/index.php?rest_route=%2Fwp%2Fv2%2Fmedia&parent=2280"}],"wp:term":[{"taxonomy":"category","embeddable":true,"href":"https:\/\/cpbmd.info\/index.php?rest_route=%2Fwp%2Fv2%2Fcategories&post=2280"},{"taxonomy":"post_tag","embeddable":true,"href":"https:\/\/cpbmd.info\/index.php?rest_route=%2Fwp%2Fv2%2Ftags&post=2280"}],"curies":[{"name":"wp","href":"https:\/\/api.w.org\/{rel}","templated":true}]}}